{"id":18131,"date":"2024-03-07T16:31:54","date_gmt":"2024-03-07T15:31:54","guid":{"rendered":"https:\/\/bufetcasanovas.com\/?p=18131"},"modified":"2024-03-07T16:31:54","modified_gmt":"2024-03-07T15:31:54","slug":"les-dones-les-grans-protagonistes-per-a-aconseguir-la-sostenibilitat","status":"publish","type":"post","link":"https:\/\/bufetcasanovas.com\/ca\/les-dones-les-grans-protagonistes-per-a-aconseguir-la-sostenibilitat\/","title":{"rendered":"Les dones, les grans protagonistes per a aconseguir la sostenibilitat"},"content":{"rendered":"<div class=\"wpb-content-wrapper\"><p>[vc_row css_animation=&#8221;&#8221; row_type=&#8221;row&#8221; use_row_as_full_screen_section=&#8221;no&#8221; type=&#8221;full_width&#8221; angled_section=&#8221;no&#8221; text_align=&#8221;left&#8221; background_image_as_pattern=&#8221;without_pattern&#8221;][vc_column][vc_column_text]La<span style=\"color: #cc99ff;\"> <i>igualtat de g\u00e8nere<\/i><\/span> \u00e9s un dels aspectes m\u00e9s rellevants de les pol\u00edtiques corporatives <i>ESG (Environmental, Social and Governance)<\/i> at\u00e8s que afecta tant la part social com a la part de bon govern.<\/p>\n<p>En l&#8217;\u00e0mbit social, s&#8217;aborden temes com la selecci\u00f3 i la promoci\u00f3 de personal, la gesti\u00f3 de la diversitat, la inclusi\u00f3 o la bretxa salarial i, en quant a l&#8217;\u00e0mbit de la governan\u00e7a, principalment s&#8217;aborda la pres\u00e8ncia de dones en posicions de responsabilitat.<\/p>\n<p>Avui, ja no existeix dubte que una diversitat ben gestionada, t\u00e9 un impacte en els beneficis i moltes organitzacions estan implantant pol\u00edtiques l&#8217;objectiu de les quals \u00e9s superar les barreres estructurals de les \u201cvelles\u201d cultures organitzatives i combatre les falses creences que avui dia ja no existeixen desigualtats de g\u00e8nere, que el tracte \u00e9s equitatiu i la justificaci\u00f3 que les difer\u00e8ncies ho s\u00f3n degut a decisions personals de les dones.<\/p>\n<p>En aquest sentit, cal destacar la figura de l&#8217;\u00faltima premi nobel d&#8217;economia 2023. L&#8217;americana <span style=\"color: #cc99ff;\"><i>Claudia Goldin<\/i><\/span> ha estat pionera en els estudis sobre la <span style=\"color: #cc99ff;\"><i>bretxa de g\u00e8nere<\/i><\/span> des d&#8217;una prespectiva hist\u00f2rica.<\/p>\n<p>L&#8217;an\u00e0lisi de les dades hist\u00f2riques li han perm\u00e8s a Goldin concloure que la bretxa salarial \u00e9s una q\u00fcesti\u00f3 que va m\u00e9s enll\u00e0 de la promulgaci\u00f3 de lleis, de m\u00e9s inversi\u00f3 en educaci\u00f3, totes elles mesures necess\u00e0ries per\u00f2 no suficients. Es requereix un canvi cultural. Goldin afirma, no sense ra\u00f3, que la cultura organitzacional que \u00e9s contr\u00e0ria a la flexibilitzaci\u00f3 laboral, per exemple, t\u00e9 un impacte directe en les decisions de la dona respecte a la seva vida laboral.<\/p>\n<p>\u00c9s evident per tant, que la diversitat \u00e9s requisit indispensable per a aconseguir la sotenibilidad. I que la cerca i la gesti\u00f3 de la diversitat \u00e9s un dels trets del lideratge femen\u00ed, m\u00e9s humanista i inclusiu a l&#8217;hora d&#8217;exercir-ho. Un lideratge que \u00e9s transformacional i cooperatiu. I que si el talent i la diversitat s\u00f3n dos aspectes fonamentals perqu\u00e8 qualsevol organitzaci\u00f3 sigui sostenible i s\u00f2lida, les dones s\u00f3n les grans protagonistes per a aconseguir la sostenibilitat.<\/p>\n<p><a href=\"#_ftnref\" name=\"_ftn1\"><\/a>[\/vc_column_text][vc_empty_space height=&#8221;20px&#8221;][\/vc_column][\/vc_row]<\/p>\n<\/div>","protected":false},"excerpt":{"rendered":"<p>La igualtat de g\u00e8nere \u00e9s un dels aspectes m\u00e9s rellevants de les pol\u00edtiques corporatives ESG (Environmental, Social and Governance) at\u00e8s que afecta tant la part social com a la part de bon govern.<\/p>\n","protected":false},"author":1,"featured_media":18136,"comment_status":"open","ping_status":"open","sticky":false,"template":"","format":"standard","meta":{"footnotes":""},"categories":[256,1],"tags":[],"class_list":["post-18131","post","type-post","status-publish","format-standard","has-post-thumbnail","hentry","category-bufet-casanovas","category-sin-categorizar"],"yoast_head":"<!-- This site is optimized with the Yoast SEO plugin v26.4 - https:\/\/yoast.com\/wordpress\/plugins\/seo\/ -->\n<title>Les dones, les grans protagonistes per a aconseguir la sostenibilitat - Bufet Casanovas<\/title>\n<meta name=\"description\" content=\"Celebramos el d\u00eda europeo de la protecci\u00f3n de datos \u201c28 de enero\u201d recomendando dos de las lecturas m\u00e1s interesantes y best sellers, sobre PRIVACIDAD:\" \/>\n<meta name=\"robots\" content=\"index, follow, max-snippet:-1, max-image-preview:large, max-video-preview:-1\" \/>\n<link rel=\"canonical\" href=\"https:\/\/bufetcasanovas.com\/ca\/les-dones-les-grans-protagonistes-per-a-aconseguir-la-sostenibilitat\/\" \/>\n<meta property=\"og:locale\" content=\"ca_ES\" \/>\n<meta property=\"og:type\" content=\"article\" \/>\n<meta property=\"og:title\" content=\"Les dones, les grans protagonistes per a aconseguir la sostenibilitat - Bufet Casanovas\" \/>\n<meta property=\"og:description\" content=\"Celebramos el d\u00eda europeo de la protecci\u00f3n de datos \u201c28 de enero\u201d recomendando dos de las lecturas m\u00e1s interesantes y best sellers, sobre PRIVACIDAD:\" \/>\n<meta property=\"og:url\" content=\"https:\/\/bufetcasanovas.com\/ca\/les-dones-les-grans-protagonistes-per-a-aconseguir-la-sostenibilitat\/\" \/>\n<meta property=\"og:site_name\" content=\"Bufet Casanovas\" \/>\n<meta property=\"article:published_time\" content=\"2024-03-07T15:31:54+00:00\" \/>\n<meta property=\"og:image\" content=\"https:\/\/bufetcasanovas.com\/wp-content\/uploads\/2024\/03\/FOTO-GRUP.jpg\" \/>\n\t<meta property=\"og:image:width\" content=\"2048\" \/>\n\t<meta property=\"og:image:height\" content=\"2048\" \/>\n\t<meta property=\"og:image:type\" content=\"image\/jpeg\" \/>\n<meta name=\"author\" content=\"admin\" \/>\n<meta name=\"twitter:card\" content=\"summary_large_image\" \/>\n<meta name=\"twitter:label1\" content=\"Written by\" \/>\n\t<meta name=\"twitter:data1\" content=\"admin\" \/>\n\t<meta name=\"twitter:label2\" content=\"Est. reading time\" \/>\n\t<meta name=\"twitter:data2\" content=\"2 minutes\" \/>\n<script type=\"application\/ld+json\" class=\"yoast-schema-graph\">{\"@context\":\"https:\/\/schema.org\",\"@graph\":[{\"@type\":\"WebPage\",\"@id\":\"https:\/\/bufetcasanovas.com\/ca\/les-dones-les-grans-protagonistes-per-a-aconseguir-la-sostenibilitat\/\",\"url\":\"https:\/\/bufetcasanovas.com\/ca\/les-dones-les-grans-protagonistes-per-a-aconseguir-la-sostenibilitat\/\",\"name\":\"Les dones, les grans protagonistes per a aconseguir la sostenibilitat - Bufet Casanovas\",\"isPartOf\":{\"@id\":\"https:\/\/bufetcasanovas.com\/#website\"},\"primaryImageOfPage\":{\"@id\":\"https:\/\/bufetcasanovas.com\/ca\/les-dones-les-grans-protagonistes-per-a-aconseguir-la-sostenibilitat\/#primaryimage\"},\"image\":{\"@id\":\"https:\/\/bufetcasanovas.com\/ca\/les-dones-les-grans-protagonistes-per-a-aconseguir-la-sostenibilitat\/#primaryimage\"},\"thumbnailUrl\":\"https:\/\/bufetcasanovas.com\/wp-content\/uploads\/2024\/03\/FOTO-GRUP.jpg\",\"datePublished\":\"2024-03-07T15:31:54+00:00\",\"author\":{\"@id\":\"https:\/\/bufetcasanovas.com\/#\/schema\/person\/0749c3c5aff1e2937cc923eca4ae2afe\"},\"description\":\"Celebramos el d\u00eda europeo de la protecci\u00f3n de datos \u201c28 de enero\u201d recomendando dos de las lecturas m\u00e1s interesantes y best sellers, sobre PRIVACIDAD:\",\"breadcrumb\":{\"@id\":\"https:\/\/bufetcasanovas.com\/ca\/les-dones-les-grans-protagonistes-per-a-aconseguir-la-sostenibilitat\/#breadcrumb\"},\"inLanguage\":\"ca-ES\",\"potentialAction\":[{\"@type\":\"ReadAction\",\"target\":[\"https:\/\/bufetcasanovas.com\/ca\/les-dones-les-grans-protagonistes-per-a-aconseguir-la-sostenibilitat\/\"]}]},{\"@type\":\"ImageObject\",\"inLanguage\":\"ca-ES\",\"@id\":\"https:\/\/bufetcasanovas.com\/ca\/les-dones-les-grans-protagonistes-per-a-aconseguir-la-sostenibilitat\/#primaryimage\",\"url\":\"https:\/\/bufetcasanovas.com\/wp-content\/uploads\/2024\/03\/FOTO-GRUP.jpg\",\"contentUrl\":\"https:\/\/bufetcasanovas.com\/wp-content\/uploads\/2024\/03\/FOTO-GRUP.jpg\",\"width\":2048,\"height\":2048},{\"@type\":\"BreadcrumbList\",\"@id\":\"https:\/\/bufetcasanovas.com\/ca\/les-dones-les-grans-protagonistes-per-a-aconseguir-la-sostenibilitat\/#breadcrumb\",\"itemListElement\":[{\"@type\":\"ListItem\",\"position\":1,\"name\":\"Portada\",\"item\":\"https:\/\/bufetcasanovas.com\/ca\/\"},{\"@type\":\"ListItem\",\"position\":2,\"name\":\"Les dones, les grans protagonistes per a aconseguir la sostenibilitat\"}]},{\"@type\":\"WebSite\",\"@id\":\"https:\/\/bufetcasanovas.com\/#website\",\"url\":\"https:\/\/bufetcasanovas.com\/\",\"name\":\"Bufet Casanovas\",\"description\":\"Abogados\",\"potentialAction\":[{\"@type\":\"SearchAction\",\"target\":{\"@type\":\"EntryPoint\",\"urlTemplate\":\"https:\/\/bufetcasanovas.com\/?s={search_term_string}\"},\"query-input\":{\"@type\":\"PropertyValueSpecification\",\"valueRequired\":true,\"valueName\":\"search_term_string\"}}],\"inLanguage\":\"ca-ES\"},{\"@type\":\"Person\",\"@id\":\"https:\/\/bufetcasanovas.com\/#\/schema\/person\/0749c3c5aff1e2937cc923eca4ae2afe\",\"name\":\"admin\",\"image\":{\"@type\":\"ImageObject\",\"inLanguage\":\"ca-ES\",\"@id\":\"https:\/\/bufetcasanovas.com\/#\/schema\/person\/image\/\",\"url\":\"https:\/\/secure.gravatar.com\/avatar\/75ee96a99faf213996ac45b6368cc9a741ceba063a538bc6bc0110eae72feb8e?s=96&d=mm&r=g\",\"contentUrl\":\"https:\/\/secure.gravatar.com\/avatar\/75ee96a99faf213996ac45b6368cc9a741ceba063a538bc6bc0110eae72feb8e?s=96&d=mm&r=g\",\"caption\":\"admin\"},\"url\":\"https:\/\/bufetcasanovas.com\/ca\/author\/admin\/\"}]}<\/script>\n<!-- \/ Yoast SEO plugin. -->","yoast_head_json":{"title":"Les dones, les grans protagonistes per a aconseguir la sostenibilitat - Bufet Casanovas","description":"Celebramos el d\u00eda europeo de la protecci\u00f3n de datos \u201c28 de enero\u201d recomendando dos de las lecturas m\u00e1s interesantes y best sellers, sobre PRIVACIDAD:","robots":{"index":"index","follow":"follow","max-snippet":"max-snippet:-1","max-image-preview":"max-image-preview:large","max-video-preview":"max-video-preview:-1"},"canonical":"https:\/\/bufetcasanovas.com\/ca\/les-dones-les-grans-protagonistes-per-a-aconseguir-la-sostenibilitat\/","og_locale":"ca_ES","og_type":"article","og_title":"Les dones, les grans protagonistes per a aconseguir la sostenibilitat - Bufet Casanovas","og_description":"Celebramos el d\u00eda europeo de la protecci\u00f3n de datos \u201c28 de enero\u201d recomendando dos de las lecturas m\u00e1s interesantes y best sellers, sobre PRIVACIDAD:","og_url":"https:\/\/bufetcasanovas.com\/ca\/les-dones-les-grans-protagonistes-per-a-aconseguir-la-sostenibilitat\/","og_site_name":"Bufet Casanovas","article_published_time":"2024-03-07T15:31:54+00:00","og_image":[{"width":2048,"height":2048,"url":"https:\/\/bufetcasanovas.com\/wp-content\/uploads\/2024\/03\/FOTO-GRUP.jpg","type":"image\/jpeg"}],"author":"admin","twitter_card":"summary_large_image","twitter_misc":{"Written by":"admin","Est. reading time":"2 minutes"},"schema":{"@context":"https:\/\/schema.org","@graph":[{"@type":"WebPage","@id":"https:\/\/bufetcasanovas.com\/ca\/les-dones-les-grans-protagonistes-per-a-aconseguir-la-sostenibilitat\/","url":"https:\/\/bufetcasanovas.com\/ca\/les-dones-les-grans-protagonistes-per-a-aconseguir-la-sostenibilitat\/","name":"Les dones, les grans protagonistes per a aconseguir la sostenibilitat - Bufet Casanovas","isPartOf":{"@id":"https:\/\/bufetcasanovas.com\/#website"},"primaryImageOfPage":{"@id":"https:\/\/bufetcasanovas.com\/ca\/les-dones-les-grans-protagonistes-per-a-aconseguir-la-sostenibilitat\/#primaryimage"},"image":{"@id":"https:\/\/bufetcasanovas.com\/ca\/les-dones-les-grans-protagonistes-per-a-aconseguir-la-sostenibilitat\/#primaryimage"},"thumbnailUrl":"https:\/\/bufetcasanovas.com\/wp-content\/uploads\/2024\/03\/FOTO-GRUP.jpg","datePublished":"2024-03-07T15:31:54+00:00","author":{"@id":"https:\/\/bufetcasanovas.com\/#\/schema\/person\/0749c3c5aff1e2937cc923eca4ae2afe"},"description":"Celebramos el d\u00eda europeo de la protecci\u00f3n de datos \u201c28 de enero\u201d recomendando dos de las lecturas m\u00e1s interesantes y best sellers, sobre PRIVACIDAD:","breadcrumb":{"@id":"https:\/\/bufetcasanovas.com\/ca\/les-dones-les-grans-protagonistes-per-a-aconseguir-la-sostenibilitat\/#breadcrumb"},"inLanguage":"ca-ES","potentialAction":[{"@type":"ReadAction","target":["https:\/\/bufetcasanovas.com\/ca\/les-dones-les-grans-protagonistes-per-a-aconseguir-la-sostenibilitat\/"]}]},{"@type":"ImageObject","inLanguage":"ca-ES","@id":"https:\/\/bufetcasanovas.com\/ca\/les-dones-les-grans-protagonistes-per-a-aconseguir-la-sostenibilitat\/#primaryimage","url":"https:\/\/bufetcasanovas.com\/wp-content\/uploads\/2024\/03\/FOTO-GRUP.jpg","contentUrl":"https:\/\/bufetcasanovas.com\/wp-content\/uploads\/2024\/03\/FOTO-GRUP.jpg","width":2048,"height":2048},{"@type":"BreadcrumbList","@id":"https:\/\/bufetcasanovas.com\/ca\/les-dones-les-grans-protagonistes-per-a-aconseguir-la-sostenibilitat\/#breadcrumb","itemListElement":[{"@type":"ListItem","position":1,"name":"Portada","item":"https:\/\/bufetcasanovas.com\/ca\/"},{"@type":"ListItem","position":2,"name":"Les dones, les grans protagonistes per a aconseguir la sostenibilitat"}]},{"@type":"WebSite","@id":"https:\/\/bufetcasanovas.com\/#website","url":"https:\/\/bufetcasanovas.com\/","name":"Bufet Casanovas","description":"Abogados","potentialAction":[{"@type":"SearchAction","target":{"@type":"EntryPoint","urlTemplate":"https:\/\/bufetcasanovas.com\/?s={search_term_string}"},"query-input":{"@type":"PropertyValueSpecification","valueRequired":true,"valueName":"search_term_string"}}],"inLanguage":"ca-ES"},{"@type":"Person","@id":"https:\/\/bufetcasanovas.com\/#\/schema\/person\/0749c3c5aff1e2937cc923eca4ae2afe","name":"admin","image":{"@type":"ImageObject","inLanguage":"ca-ES","@id":"https:\/\/bufetcasanovas.com\/#\/schema\/person\/image\/","url":"https:\/\/secure.gravatar.com\/avatar\/75ee96a99faf213996ac45b6368cc9a741ceba063a538bc6bc0110eae72feb8e?s=96&d=mm&r=g","contentUrl":"https:\/\/secure.gravatar.com\/avatar\/75ee96a99faf213996ac45b6368cc9a741ceba063a538bc6bc0110eae72feb8e?s=96&d=mm&r=g","caption":"admin"},"url":"https:\/\/bufetcasanovas.com\/ca\/author\/admin\/"}]}},"_links":{"self":[{"href":"https:\/\/bufetcasanovas.com\/ca\/wp-json\/wp\/v2\/posts\/18131","targetHints":{"allow":["GET"]}}],"collection":[{"href":"https:\/\/bufetcasanovas.com\/ca\/wp-json\/wp\/v2\/posts"}],"about":[{"href":"https:\/\/bufetcasanovas.com\/ca\/wp-json\/wp\/v2\/types\/post"}],"author":[{"embeddable":true,"href":"https:\/\/bufetcasanovas.com\/ca\/wp-json\/wp\/v2\/users\/1"}],"replies":[{"embeddable":true,"href":"https:\/\/bufetcasanovas.com\/ca\/wp-json\/wp\/v2\/comments?post=18131"}],"version-history":[{"count":2,"href":"https:\/\/bufetcasanovas.com\/ca\/wp-json\/wp\/v2\/posts\/18131\/revisions"}],"predecessor-version":[{"id":18139,"href":"https:\/\/bufetcasanovas.com\/ca\/wp-json\/wp\/v2\/posts\/18131\/revisions\/18139"}],"wp:featuredmedia":[{"embeddable":true,"href":"https:\/\/bufetcasanovas.com\/ca\/wp-json\/wp\/v2\/media\/18136"}],"wp:attachment":[{"href":"https:\/\/bufetcasanovas.com\/ca\/wp-json\/wp\/v2\/media?parent=18131"}],"wp:term":[{"taxonomy":"category","embeddable":true,"href":"https:\/\/bufetcasanovas.com\/ca\/wp-json\/wp\/v2\/categories?post=18131"},{"taxonomy":"post_tag","embeddable":true,"href":"https:\/\/bufetcasanovas.com\/ca\/wp-json\/wp\/v2\/tags?post=18131"}],"curies":[{"name":"wp","href":"https:\/\/api.w.org\/{rel}","templated":true}]}}