{"id":17901,"date":"2023-01-30T15:43:15","date_gmt":"2023-01-30T14:43:15","guid":{"rendered":"https:\/\/bufetcasanovas.com\/?p=17901"},"modified":"2023-01-30T15:43:15","modified_gmt":"2023-01-30T14:43:15","slug":"celebrem-el-dia-europeu-de-la-proteccio-de-dades","status":"publish","type":"post","link":"https:\/\/bufetcasanovas.com\/ca\/celebrem-el-dia-europeu-de-la-proteccio-de-dades\/","title":{"rendered":"Celebrem el dia europeu de la protecci\u00f3 de dades"},"content":{"rendered":"<div class=\"wpb-content-wrapper\"><p>[vc_row css_animation=&#8221;&#8221; row_type=&#8221;row&#8221; use_row_as_full_screen_section=&#8221;no&#8221; type=&#8221;full_width&#8221; angled_section=&#8221;no&#8221; text_align=&#8221;left&#8221; background_image_as_pattern=&#8221;without_pattern&#8221;][vc_column][vc_column_text]Celebrem el dia europeu de la protecci\u00f3 de dades \u201c28 de gener\u201d recomanant dues de les lectures m\u00e9s interessants i best sellers, sobre <strong><em><u>PRIVACITAT<\/u><\/em><\/strong>:<\/p>\n<ul>\n<li><u>PRIVACY IS POWER, Why and how you should take back control of your data<\/u>, de Carissa V\u00e9liz i,<\/li>\n<li><u>THE AGE OF SURVEILLANCE CAPITALISM, The fight for a human future at the new frontier of power<\/u>, de Shoshana Zuboff<\/li>\n<\/ul>\n<p>&nbsp;<\/p>\n<p><em>\u201cFrom the moment you check your phone in the morning you are losing privacy. Corporations around the world are recording what time you wake up, where you slept, how well you slept, and with whom. Whithout your permission, or even your knowledge, tech companies are harvesting your data, your location, your likes, your habits, your fears, your diseases, your politics, and sharing it amongst themserlves. They are not selling your data. They are selling the power to influence you, and everyone you know\u201d<\/em><\/p>\n<p><em>\u00a0<\/em><\/p>\n<p>Ens sumem a la defensa d\u2019aquestes autores de la <strong><em>privacitat<\/em><\/strong>. Perqu\u00e8 sense <strong><em>privacitat<\/em><\/strong> no hi ha garantia d\u2019igualtat, de just\u00edcia, ni llibertat ni democr\u00e0cia. Ja que qui som i qu\u00e8 fem no \u00e9s assumpte de ning\u00fa. Som ciutadans i se\u2019ns deu <strong><em>privacitat<\/em><\/strong>. \u00c9s un Dret Fonamental i respectar la <strong><em>privacitat<\/em><\/strong> \u00e9s garantia que el sistema ens tracti d\u2019una forma imparcial i justa. I cal que entre tots, com a ciutadans i dins les organitzacions, impulsem una cultura de la <strong><em>privacitat<\/em><\/strong> basada en la convicci\u00f3 i no en la sanci\u00f3. Perqu\u00e8 el respecte a la <strong><em>privacitat<\/em><\/strong> genera confian\u00e7a i la confian\u00e7a compartida \u00e9s sin\u00f2nim de protecci\u00f3. I nom\u00e9s d\u2019aquesta manera podrem fer del futur digital una llar per la humanitat.<\/p>\n<p><a href=\"#_ftnref\" name=\"_ftn1\"><\/a>[\/vc_column_text][vc_empty_space height=&#8221;20px&#8221;][\/vc_column][\/vc_row]<\/p>\n<\/div>","protected":false},"excerpt":{"rendered":"<p>Celebrem el dia europeu de la protecci\u00f3 de dades \u201c28 de gener\u201d recomanant dues de les lectures m\u00e9s interessants i best sellers, sobre PRIVACITAT:<\/p>\n","protected":false},"author":1,"featured_media":17910,"comment_status":"open","ping_status":"open","sticky":false,"template":"","format":"standard","meta":{"footnotes":""},"categories":[263],"tags":[],"class_list":["post-17901","post","type-post","status-publish","format-standard","has-post-thumbnail","hentry","category-bufet-casanovas-ca"],"yoast_head":"<!-- This site is optimized with the Yoast SEO plugin v27.5 - https:\/\/yoast.com\/product\/yoast-seo-wordpress\/ -->\n<title>Celebrem el dia europeu de la protecci\u00f3 de dades - Bufet Casanovas<\/title>\n<meta name=\"description\" content=\"Celebramos el d\u00eda europeo de la protecci\u00f3n de datos \u201c28 de enero\u201d recomendando dos de las lecturas m\u00e1s interesantes y best sellers, sobre PRIVACIDAD:\" \/>\n<meta name=\"robots\" content=\"index, follow, max-snippet:-1, max-image-preview:large, max-video-preview:-1\" \/>\n<link rel=\"canonical\" href=\"https:\/\/bufetcasanovas.com\/ca\/celebrem-el-dia-europeu-de-la-proteccio-de-dades\/\" \/>\n<meta property=\"og:locale\" content=\"ca_ES\" \/>\n<meta property=\"og:type\" content=\"article\" \/>\n<meta property=\"og:title\" content=\"Celebrem el dia europeu de la protecci\u00f3 de dades - Bufet Casanovas\" \/>\n<meta property=\"og:description\" content=\"Celebramos el d\u00eda europeo de la protecci\u00f3n de datos \u201c28 de enero\u201d recomendando dos de las lecturas m\u00e1s interesantes y best sellers, sobre PRIVACIDAD:\" \/>\n<meta property=\"og:url\" content=\"https:\/\/bufetcasanovas.com\/ca\/celebrem-el-dia-europeu-de-la-proteccio-de-dades\/\" \/>\n<meta property=\"og:site_name\" content=\"Bufet Casanovas\" \/>\n<meta property=\"article:published_time\" content=\"2023-01-30T14:43:15+00:00\" \/>\n<meta property=\"og:image\" content=\"https:\/\/bufetcasanovas.com\/wp-content\/uploads\/2023\/01\/foto-llibresblog.jpg\" \/>\n\t<meta property=\"og:image:width\" content=\"2560\" \/>\n\t<meta property=\"og:image:height\" content=\"2116\" \/>\n\t<meta property=\"og:image:type\" content=\"image\/jpeg\" \/>\n<meta name=\"author\" content=\"admin\" \/>\n<meta name=\"twitter:card\" content=\"summary_large_image\" \/>\n<meta name=\"twitter:label1\" content=\"Written by\" \/>\n\t<meta name=\"twitter:data1\" content=\"admin\" \/>\n\t<meta name=\"twitter:label2\" content=\"Est. reading time\" \/>\n\t<meta name=\"twitter:data2\" content=\"2 minutes\" \/>\n<script type=\"application\/ld+json\" class=\"yoast-schema-graph\">{\"@context\":\"https:\\\/\\\/schema.org\",\"@graph\":[{\"@type\":\"Article\",\"@id\":\"https:\\\/\\\/bufetcasanovas.com\\\/ca\\\/celebrem-el-dia-europeu-de-la-proteccio-de-dades\\\/#article\",\"isPartOf\":{\"@id\":\"https:\\\/\\\/bufetcasanovas.com\\\/ca\\\/celebrem-el-dia-europeu-de-la-proteccio-de-dades\\\/\"},\"author\":{\"name\":\"admin\",\"@id\":\"https:\\\/\\\/bufetcasanovas.com\\\/#\\\/schema\\\/person\\\/0749c3c5aff1e2937cc923eca4ae2afe\"},\"headline\":\"Celebrem el dia europeu de la protecci\u00f3 de dades\",\"datePublished\":\"2023-01-30T14:43:15+00:00\",\"mainEntityOfPage\":{\"@id\":\"https:\\\/\\\/bufetcasanovas.com\\\/ca\\\/celebrem-el-dia-europeu-de-la-proteccio-de-dades\\\/\"},\"wordCount\":332,\"commentCount\":0,\"image\":{\"@id\":\"https:\\\/\\\/bufetcasanovas.com\\\/ca\\\/celebrem-el-dia-europeu-de-la-proteccio-de-dades\\\/#primaryimage\"},\"thumbnailUrl\":\"https:\\\/\\\/bufetcasanovas.com\\\/wp-content\\\/uploads\\\/2023\\\/01\\\/foto-llibresblog.jpg\",\"articleSection\":[\"Bufet Casanovas\"],\"inLanguage\":\"ca-ES\",\"potentialAction\":[{\"@type\":\"CommentAction\",\"name\":\"Comment\",\"target\":[\"https:\\\/\\\/bufetcasanovas.com\\\/ca\\\/celebrem-el-dia-europeu-de-la-proteccio-de-dades\\\/#respond\"]}]},{\"@type\":\"WebPage\",\"@id\":\"https:\\\/\\\/bufetcasanovas.com\\\/ca\\\/celebrem-el-dia-europeu-de-la-proteccio-de-dades\\\/\",\"url\":\"https:\\\/\\\/bufetcasanovas.com\\\/ca\\\/celebrem-el-dia-europeu-de-la-proteccio-de-dades\\\/\",\"name\":\"Celebrem el dia europeu de la protecci\u00f3 de dades - Bufet Casanovas\",\"isPartOf\":{\"@id\":\"https:\\\/\\\/bufetcasanovas.com\\\/#website\"},\"primaryImageOfPage\":{\"@id\":\"https:\\\/\\\/bufetcasanovas.com\\\/ca\\\/celebrem-el-dia-europeu-de-la-proteccio-de-dades\\\/#primaryimage\"},\"image\":{\"@id\":\"https:\\\/\\\/bufetcasanovas.com\\\/ca\\\/celebrem-el-dia-europeu-de-la-proteccio-de-dades\\\/#primaryimage\"},\"thumbnailUrl\":\"https:\\\/\\\/bufetcasanovas.com\\\/wp-content\\\/uploads\\\/2023\\\/01\\\/foto-llibresblog.jpg\",\"datePublished\":\"2023-01-30T14:43:15+00:00\",\"author\":{\"@id\":\"https:\\\/\\\/bufetcasanovas.com\\\/#\\\/schema\\\/person\\\/0749c3c5aff1e2937cc923eca4ae2afe\"},\"description\":\"Celebramos el d\u00eda europeo de la protecci\u00f3n de datos \u201c28 de enero\u201d recomendando dos de las lecturas m\u00e1s interesantes y best sellers, sobre PRIVACIDAD:\",\"breadcrumb\":{\"@id\":\"https:\\\/\\\/bufetcasanovas.com\\\/ca\\\/celebrem-el-dia-europeu-de-la-proteccio-de-dades\\\/#breadcrumb\"},\"inLanguage\":\"ca-ES\",\"potentialAction\":[{\"@type\":\"ReadAction\",\"target\":[\"https:\\\/\\\/bufetcasanovas.com\\\/ca\\\/celebrem-el-dia-europeu-de-la-proteccio-de-dades\\\/\"]}]},{\"@type\":\"ImageObject\",\"inLanguage\":\"ca-ES\",\"@id\":\"https:\\\/\\\/bufetcasanovas.com\\\/ca\\\/celebrem-el-dia-europeu-de-la-proteccio-de-dades\\\/#primaryimage\",\"url\":\"https:\\\/\\\/bufetcasanovas.com\\\/wp-content\\\/uploads\\\/2023\\\/01\\\/foto-llibresblog.jpg\",\"contentUrl\":\"https:\\\/\\\/bufetcasanovas.com\\\/wp-content\\\/uploads\\\/2023\\\/01\\\/foto-llibresblog.jpg\",\"width\":2560,\"height\":2116},{\"@type\":\"BreadcrumbList\",\"@id\":\"https:\\\/\\\/bufetcasanovas.com\\\/ca\\\/celebrem-el-dia-europeu-de-la-proteccio-de-dades\\\/#breadcrumb\",\"itemListElement\":[{\"@type\":\"ListItem\",\"position\":1,\"name\":\"Portada\",\"item\":\"https:\\\/\\\/bufetcasanovas.com\\\/ca\\\/\"},{\"@type\":\"ListItem\",\"position\":2,\"name\":\"Celebrem el dia europeu de la protecci\u00f3 de dades\"}]},{\"@type\":\"WebSite\",\"@id\":\"https:\\\/\\\/bufetcasanovas.com\\\/#website\",\"url\":\"https:\\\/\\\/bufetcasanovas.com\\\/\",\"name\":\"Bufet Casanovas\",\"description\":\"Abogados\",\"potentialAction\":[{\"@type\":\"SearchAction\",\"target\":{\"@type\":\"EntryPoint\",\"urlTemplate\":\"https:\\\/\\\/bufetcasanovas.com\\\/?s={search_term_string}\"},\"query-input\":{\"@type\":\"PropertyValueSpecification\",\"valueRequired\":true,\"valueName\":\"search_term_string\"}}],\"inLanguage\":\"ca-ES\"},{\"@type\":\"Person\",\"@id\":\"https:\\\/\\\/bufetcasanovas.com\\\/#\\\/schema\\\/person\\\/0749c3c5aff1e2937cc923eca4ae2afe\",\"name\":\"admin\",\"image\":{\"@type\":\"ImageObject\",\"inLanguage\":\"ca-ES\",\"@id\":\"https:\\\/\\\/secure.gravatar.com\\\/avatar\\\/75ee96a99faf213996ac45b6368cc9a741ceba063a538bc6bc0110eae72feb8e?s=96&d=mm&r=g\",\"url\":\"https:\\\/\\\/secure.gravatar.com\\\/avatar\\\/75ee96a99faf213996ac45b6368cc9a741ceba063a538bc6bc0110eae72feb8e?s=96&d=mm&r=g\",\"contentUrl\":\"https:\\\/\\\/secure.gravatar.com\\\/avatar\\\/75ee96a99faf213996ac45b6368cc9a741ceba063a538bc6bc0110eae72feb8e?s=96&d=mm&r=g\",\"caption\":\"admin\"},\"url\":\"https:\\\/\\\/bufetcasanovas.com\\\/ca\\\/author\\\/admin\\\/\"}]}<\/script>\n<!-- \/ Yoast SEO plugin. -->","yoast_head_json":{"title":"Celebrem el dia europeu de la protecci\u00f3 de dades - Bufet Casanovas","description":"Celebramos el d\u00eda europeo de la protecci\u00f3n de datos \u201c28 de enero\u201d recomendando dos de las lecturas m\u00e1s interesantes y best sellers, sobre PRIVACIDAD:","robots":{"index":"index","follow":"follow","max-snippet":"max-snippet:-1","max-image-preview":"max-image-preview:large","max-video-preview":"max-video-preview:-1"},"canonical":"https:\/\/bufetcasanovas.com\/ca\/celebrem-el-dia-europeu-de-la-proteccio-de-dades\/","og_locale":"ca_ES","og_type":"article","og_title":"Celebrem el dia europeu de la protecci\u00f3 de dades - Bufet Casanovas","og_description":"Celebramos el d\u00eda europeo de la protecci\u00f3n de datos \u201c28 de enero\u201d recomendando dos de las lecturas m\u00e1s interesantes y best sellers, sobre PRIVACIDAD:","og_url":"https:\/\/bufetcasanovas.com\/ca\/celebrem-el-dia-europeu-de-la-proteccio-de-dades\/","og_site_name":"Bufet Casanovas","article_published_time":"2023-01-30T14:43:15+00:00","og_image":[{"width":2560,"height":2116,"url":"https:\/\/bufetcasanovas.com\/wp-content\/uploads\/2023\/01\/foto-llibresblog.jpg","type":"image\/jpeg"}],"author":"admin","twitter_card":"summary_large_image","twitter_misc":{"Written by":"admin","Est. reading time":"2 minutes"},"schema":{"@context":"https:\/\/schema.org","@graph":[{"@type":"Article","@id":"https:\/\/bufetcasanovas.com\/ca\/celebrem-el-dia-europeu-de-la-proteccio-de-dades\/#article","isPartOf":{"@id":"https:\/\/bufetcasanovas.com\/ca\/celebrem-el-dia-europeu-de-la-proteccio-de-dades\/"},"author":{"name":"admin","@id":"https:\/\/bufetcasanovas.com\/#\/schema\/person\/0749c3c5aff1e2937cc923eca4ae2afe"},"headline":"Celebrem el dia europeu de la protecci\u00f3 de dades","datePublished":"2023-01-30T14:43:15+00:00","mainEntityOfPage":{"@id":"https:\/\/bufetcasanovas.com\/ca\/celebrem-el-dia-europeu-de-la-proteccio-de-dades\/"},"wordCount":332,"commentCount":0,"image":{"@id":"https:\/\/bufetcasanovas.com\/ca\/celebrem-el-dia-europeu-de-la-proteccio-de-dades\/#primaryimage"},"thumbnailUrl":"https:\/\/bufetcasanovas.com\/wp-content\/uploads\/2023\/01\/foto-llibresblog.jpg","articleSection":["Bufet Casanovas"],"inLanguage":"ca-ES","potentialAction":[{"@type":"CommentAction","name":"Comment","target":["https:\/\/bufetcasanovas.com\/ca\/celebrem-el-dia-europeu-de-la-proteccio-de-dades\/#respond"]}]},{"@type":"WebPage","@id":"https:\/\/bufetcasanovas.com\/ca\/celebrem-el-dia-europeu-de-la-proteccio-de-dades\/","url":"https:\/\/bufetcasanovas.com\/ca\/celebrem-el-dia-europeu-de-la-proteccio-de-dades\/","name":"Celebrem el dia europeu de la protecci\u00f3 de dades - Bufet Casanovas","isPartOf":{"@id":"https:\/\/bufetcasanovas.com\/#website"},"primaryImageOfPage":{"@id":"https:\/\/bufetcasanovas.com\/ca\/celebrem-el-dia-europeu-de-la-proteccio-de-dades\/#primaryimage"},"image":{"@id":"https:\/\/bufetcasanovas.com\/ca\/celebrem-el-dia-europeu-de-la-proteccio-de-dades\/#primaryimage"},"thumbnailUrl":"https:\/\/bufetcasanovas.com\/wp-content\/uploads\/2023\/01\/foto-llibresblog.jpg","datePublished":"2023-01-30T14:43:15+00:00","author":{"@id":"https:\/\/bufetcasanovas.com\/#\/schema\/person\/0749c3c5aff1e2937cc923eca4ae2afe"},"description":"Celebramos el d\u00eda europeo de la protecci\u00f3n de datos \u201c28 de enero\u201d recomendando dos de las lecturas m\u00e1s interesantes y best sellers, sobre PRIVACIDAD:","breadcrumb":{"@id":"https:\/\/bufetcasanovas.com\/ca\/celebrem-el-dia-europeu-de-la-proteccio-de-dades\/#breadcrumb"},"inLanguage":"ca-ES","potentialAction":[{"@type":"ReadAction","target":["https:\/\/bufetcasanovas.com\/ca\/celebrem-el-dia-europeu-de-la-proteccio-de-dades\/"]}]},{"@type":"ImageObject","inLanguage":"ca-ES","@id":"https:\/\/bufetcasanovas.com\/ca\/celebrem-el-dia-europeu-de-la-proteccio-de-dades\/#primaryimage","url":"https:\/\/bufetcasanovas.com\/wp-content\/uploads\/2023\/01\/foto-llibresblog.jpg","contentUrl":"https:\/\/bufetcasanovas.com\/wp-content\/uploads\/2023\/01\/foto-llibresblog.jpg","width":2560,"height":2116},{"@type":"BreadcrumbList","@id":"https:\/\/bufetcasanovas.com\/ca\/celebrem-el-dia-europeu-de-la-proteccio-de-dades\/#breadcrumb","itemListElement":[{"@type":"ListItem","position":1,"name":"Portada","item":"https:\/\/bufetcasanovas.com\/ca\/"},{"@type":"ListItem","position":2,"name":"Celebrem el dia europeu de la protecci\u00f3 de dades"}]},{"@type":"WebSite","@id":"https:\/\/bufetcasanovas.com\/#website","url":"https:\/\/bufetcasanovas.com\/","name":"Bufet Casanovas","description":"Abogados","potentialAction":[{"@type":"SearchAction","target":{"@type":"EntryPoint","urlTemplate":"https:\/\/bufetcasanovas.com\/?s={search_term_string}"},"query-input":{"@type":"PropertyValueSpecification","valueRequired":true,"valueName":"search_term_string"}}],"inLanguage":"ca-ES"},{"@type":"Person","@id":"https:\/\/bufetcasanovas.com\/#\/schema\/person\/0749c3c5aff1e2937cc923eca4ae2afe","name":"admin","image":{"@type":"ImageObject","inLanguage":"ca-ES","@id":"https:\/\/secure.gravatar.com\/avatar\/75ee96a99faf213996ac45b6368cc9a741ceba063a538bc6bc0110eae72feb8e?s=96&d=mm&r=g","url":"https:\/\/secure.gravatar.com\/avatar\/75ee96a99faf213996ac45b6368cc9a741ceba063a538bc6bc0110eae72feb8e?s=96&d=mm&r=g","contentUrl":"https:\/\/secure.gravatar.com\/avatar\/75ee96a99faf213996ac45b6368cc9a741ceba063a538bc6bc0110eae72feb8e?s=96&d=mm&r=g","caption":"admin"},"url":"https:\/\/bufetcasanovas.com\/ca\/author\/admin\/"}]}},"_links":{"self":[{"href":"https:\/\/bufetcasanovas.com\/ca\/wp-json\/wp\/v2\/posts\/17901","targetHints":{"allow":["GET"]}}],"collection":[{"href":"https:\/\/bufetcasanovas.com\/ca\/wp-json\/wp\/v2\/posts"}],"about":[{"href":"https:\/\/bufetcasanovas.com\/ca\/wp-json\/wp\/v2\/types\/post"}],"author":[{"embeddable":true,"href":"https:\/\/bufetcasanovas.com\/ca\/wp-json\/wp\/v2\/users\/1"}],"replies":[{"embeddable":true,"href":"https:\/\/bufetcasanovas.com\/ca\/wp-json\/wp\/v2\/comments?post=17901"}],"version-history":[{"count":3,"href":"https:\/\/bufetcasanovas.com\/ca\/wp-json\/wp\/v2\/posts\/17901\/revisions"}],"predecessor-version":[{"id":17914,"href":"https:\/\/bufetcasanovas.com\/ca\/wp-json\/wp\/v2\/posts\/17901\/revisions\/17914"}],"wp:featuredmedia":[{"embeddable":true,"href":"https:\/\/bufetcasanovas.com\/ca\/wp-json\/wp\/v2\/media\/17910"}],"wp:attachment":[{"href":"https:\/\/bufetcasanovas.com\/ca\/wp-json\/wp\/v2\/media?parent=17901"}],"wp:term":[{"taxonomy":"category","embeddable":true,"href":"https:\/\/bufetcasanovas.com\/ca\/wp-json\/wp\/v2\/categories?post=17901"},{"taxonomy":"post_tag","embeddable":true,"href":"https:\/\/bufetcasanovas.com\/ca\/wp-json\/wp\/v2\/tags?post=17901"}],"curies":[{"name":"wp","href":"https:\/\/api.w.org\/{rel}","templated":true}]}}