{"id":17378,"date":"2020-04-23T15:38:26","date_gmt":"2020-04-23T13:38:26","guid":{"rendered":"http:\/\/bufetcasanovas.com\/?p=17378"},"modified":"2020-04-23T15:39:05","modified_gmt":"2020-04-23T13:39:05","slug":"imatge-corporativa","status":"publish","type":"post","link":"https:\/\/bufetcasanovas.com\/ca\/imatge-corporativa\/","title":{"rendered":"Bufet Casanovas presenta la seva renovada imatge corporativa i la nova p\u00e0gina web del despatx"},"content":{"rendered":"<div class=\"wpb-content-wrapper\"><p>[vc_row css_animation=&#8221;&#8221; row_type=&#8221;row&#8221; use_row_as_full_screen_section=&#8221;no&#8221; type=&#8221;full_width&#8221; angled_section=&#8221;no&#8221; text_align=&#8221;left&#8221; background_image_as_pattern=&#8221;without_pattern&#8221;][vc_column][vc_column_text]En sintonia amb la constant innovaci\u00f3 i la incorporaci\u00f3 de nous serveis i especialitats professionals, Bufet Casanovas oferir\u00e0, a partir d&#8217;ara, una imatge renovada i moderna, sempre des de la sobrietat que ens caracteritza.<\/p>\n<p>La comunicaci\u00f3 i el treball a trav\u00e9s d&#8217;internet \u00e9s imparable i s&#8217;est\u00e0 accelerant encara m\u00e9s com a conseq\u00fc\u00e8ncia de l&#8217;epid\u00e8mia que est\u00e0 alterant la normalitat de totes les persones i a tot arreu.<\/p>\n<p>Aprofitant aquest canvi d&#8217;imatge tan rellevant, Bufet Casanovas publica la seva nova p\u00e0gina web, <strong><a href=\"https:\/\/bufetcasanovas.com\/ca\/\" target=\"_blank\" rel=\"noopener noreferrer\">www.bufetcasanovas.com<\/a><\/strong>, dissenyada i programada perqu\u00e8 els usuaris se sentin c\u00f2modes, tant des dels seus ordinadors com des de qualsevol dispositiu m\u00f2bil.<\/p>\n<p>Us convidem a navegar pel nou web i, sobretot, a consultar el nostre Blog que, com \u00e9s l\u00f2gic, aquests dies es dedica a informar sobre les novetats legislatives que s\u00f3n rellevants per als nostres clients que, com tots, es veuen afectats pel Covid-19.<\/p>\n<p>Aprofitem tamb\u00e9 aquesta publicaci\u00f3 per comunicar que tot l&#8217;equip de Bufet Casanovas est\u00e0 teletreballant per tal de complir \u00edntegrament amb el confinament recomanat per les autoritats i amb el convenciment de la seva conveni\u00e8ncia per preservar no nom\u00e9s la nostra salut sin\u00f3, de forma especial, evitar que es propagui el virus Covid-19.<\/p>\n<p>El nostre sistema inform\u00e0tic ens permet tenir acc\u00e9s al servidor en temps real, la qual cosa suposa treballar com si estigu\u00e9ssim presencialment a la seu del Bufet. Seguim sent escrupolosos amb el compliment dels protocols de seguretat de protecci\u00f3 de dades personals i de la resta de compromisos amb els nostres clients.<\/p>\n<p>Desitjant que torni la normalitat al m\u00e9s aviat possible, us enviem una salutaci\u00f3 afectuosa,[\/vc_column_text][vc_separator type=&#8221;transparent&#8221; up=&#8221;2&#8243; down=&#8221;0&#8243;][\/vc_column][\/vc_row]<\/p>\n<\/div>","protected":false},"excerpt":{"rendered":"<p>En sintonia amb la constant innovaci\u00f3 i la incorporaci\u00f3 de nous serveis i especialitats professionals, Bufet Casanovas oferir\u00e0, a partir d&#8217;ara, una imatge renovada i moderna, sempre des de la sobrietat que ens caracteritza.<\/p>\n","protected":false},"author":1,"featured_media":17381,"comment_status":"open","ping_status":"open","sticky":false,"template":"","format":"standard","meta":{"footnotes":""},"categories":[220,228],"tags":[],"class_list":["post-17378","post","type-post","status-publish","format-standard","has-post-thumbnail","hentry","category-business-ca","category-design-ca"],"yoast_head":"<!-- This site is optimized with the Yoast SEO plugin v26.4 - https:\/\/yoast.com\/wordpress\/plugins\/seo\/ -->\n<title>Bufet Casanovas presenta la seva renovada imatge corporativa i la nova p\u00e0gina web del despatx - Bufet Casanovas<\/title>\n<meta name=\"robots\" content=\"index, follow, max-snippet:-1, max-image-preview:large, max-video-preview:-1\" \/>\n<link rel=\"canonical\" href=\"https:\/\/bufetcasanovas.com\/ca\/imatge-corporativa\/\" \/>\n<meta property=\"og:locale\" content=\"ca_ES\" \/>\n<meta property=\"og:type\" content=\"article\" \/>\n<meta property=\"og:title\" content=\"Bufet Casanovas presenta la seva renovada imatge corporativa i la nova p\u00e0gina web del despatx - Bufet Casanovas\" \/>\n<meta property=\"og:description\" content=\"En sintonia amb la constant innovaci\u00f3 i la incorporaci\u00f3 de nous serveis i especialitats professionals, Bufet Casanovas oferir\u00e0, a partir d&#039;ara, una imatge renovada i moderna, sempre des de la sobrietat que ens caracteritza.\" \/>\n<meta property=\"og:url\" content=\"https:\/\/bufetcasanovas.com\/ca\/imatge-corporativa\/\" \/>\n<meta property=\"og:site_name\" content=\"Bufet Casanovas\" \/>\n<meta property=\"article:published_time\" content=\"2020-04-23T13:38:26+00:00\" \/>\n<meta property=\"article:modified_time\" content=\"2020-04-23T13:39:05+00:00\" \/>\n<meta property=\"og:image\" content=\"https:\/\/bufetcasanovas.com\/wp-content\/uploads\/2020\/04\/web.jpg\" \/>\n\t<meta property=\"og:image:width\" content=\"1100\" \/>\n\t<meta property=\"og:image:height\" content=\"624\" \/>\n\t<meta property=\"og:image:type\" content=\"image\/jpeg\" \/>\n<meta name=\"author\" content=\"admin\" \/>\n<meta name=\"twitter:card\" content=\"summary_large_image\" \/>\n<meta name=\"twitter:label1\" content=\"Written by\" \/>\n\t<meta name=\"twitter:data1\" content=\"admin\" \/>\n\t<meta name=\"twitter:label2\" content=\"Est. reading time\" \/>\n\t<meta name=\"twitter:data2\" content=\"2 minutes\" \/>\n<script type=\"application\/ld+json\" class=\"yoast-schema-graph\">{\"@context\":\"https:\/\/schema.org\",\"@graph\":[{\"@type\":\"WebPage\",\"@id\":\"https:\/\/bufetcasanovas.com\/ca\/imatge-corporativa\/\",\"url\":\"https:\/\/bufetcasanovas.com\/ca\/imatge-corporativa\/\",\"name\":\"Bufet Casanovas presenta la seva renovada imatge corporativa i la nova p\u00e0gina web del despatx - Bufet Casanovas\",\"isPartOf\":{\"@id\":\"https:\/\/bufetcasanovas.com\/#website\"},\"primaryImageOfPage\":{\"@id\":\"https:\/\/bufetcasanovas.com\/ca\/imatge-corporativa\/#primaryimage\"},\"image\":{\"@id\":\"https:\/\/bufetcasanovas.com\/ca\/imatge-corporativa\/#primaryimage\"},\"thumbnailUrl\":\"https:\/\/bufetcasanovas.com\/wp-content\/uploads\/2020\/04\/web.jpg\",\"datePublished\":\"2020-04-23T13:38:26+00:00\",\"dateModified\":\"2020-04-23T13:39:05+00:00\",\"author\":{\"@id\":\"https:\/\/bufetcasanovas.com\/#\/schema\/person\/0749c3c5aff1e2937cc923eca4ae2afe\"},\"breadcrumb\":{\"@id\":\"https:\/\/bufetcasanovas.com\/ca\/imatge-corporativa\/#breadcrumb\"},\"inLanguage\":\"ca-ES\",\"potentialAction\":[{\"@type\":\"ReadAction\",\"target\":[\"https:\/\/bufetcasanovas.com\/ca\/imatge-corporativa\/\"]}]},{\"@type\":\"ImageObject\",\"inLanguage\":\"ca-ES\",\"@id\":\"https:\/\/bufetcasanovas.com\/ca\/imatge-corporativa\/#primaryimage\",\"url\":\"https:\/\/bufetcasanovas.com\/wp-content\/uploads\/2020\/04\/web.jpg\",\"contentUrl\":\"https:\/\/bufetcasanovas.com\/wp-content\/uploads\/2020\/04\/web.jpg\",\"width\":1100,\"height\":624},{\"@type\":\"BreadcrumbList\",\"@id\":\"https:\/\/bufetcasanovas.com\/ca\/imatge-corporativa\/#breadcrumb\",\"itemListElement\":[{\"@type\":\"ListItem\",\"position\":1,\"name\":\"Portada\",\"item\":\"https:\/\/bufetcasanovas.com\/ca\/\"},{\"@type\":\"ListItem\",\"position\":2,\"name\":\"Bufet Casanovas presenta la seva renovada imatge corporativa i la nova p\u00e0gina web del despatx\"}]},{\"@type\":\"WebSite\",\"@id\":\"https:\/\/bufetcasanovas.com\/#website\",\"url\":\"https:\/\/bufetcasanovas.com\/\",\"name\":\"Bufet Casanovas\",\"description\":\"Abogados\",\"potentialAction\":[{\"@type\":\"SearchAction\",\"target\":{\"@type\":\"EntryPoint\",\"urlTemplate\":\"https:\/\/bufetcasanovas.com\/?s={search_term_string}\"},\"query-input\":{\"@type\":\"PropertyValueSpecification\",\"valueRequired\":true,\"valueName\":\"search_term_string\"}}],\"inLanguage\":\"ca-ES\"},{\"@type\":\"Person\",\"@id\":\"https:\/\/bufetcasanovas.com\/#\/schema\/person\/0749c3c5aff1e2937cc923eca4ae2afe\",\"name\":\"admin\",\"image\":{\"@type\":\"ImageObject\",\"inLanguage\":\"ca-ES\",\"@id\":\"https:\/\/bufetcasanovas.com\/#\/schema\/person\/image\/\",\"url\":\"https:\/\/secure.gravatar.com\/avatar\/75ee96a99faf213996ac45b6368cc9a741ceba063a538bc6bc0110eae72feb8e?s=96&d=mm&r=g\",\"contentUrl\":\"https:\/\/secure.gravatar.com\/avatar\/75ee96a99faf213996ac45b6368cc9a741ceba063a538bc6bc0110eae72feb8e?s=96&d=mm&r=g\",\"caption\":\"admin\"},\"url\":\"https:\/\/bufetcasanovas.com\/ca\/author\/admin\/\"}]}<\/script>\n<!-- \/ Yoast SEO plugin. -->","yoast_head_json":{"title":"Bufet Casanovas presenta la seva renovada imatge corporativa i la nova p\u00e0gina web del despatx - Bufet Casanovas","robots":{"index":"index","follow":"follow","max-snippet":"max-snippet:-1","max-image-preview":"max-image-preview:large","max-video-preview":"max-video-preview:-1"},"canonical":"https:\/\/bufetcasanovas.com\/ca\/imatge-corporativa\/","og_locale":"ca_ES","og_type":"article","og_title":"Bufet Casanovas presenta la seva renovada imatge corporativa i la nova p\u00e0gina web del despatx - Bufet Casanovas","og_description":"En sintonia amb la constant innovaci\u00f3 i la incorporaci\u00f3 de nous serveis i especialitats professionals, Bufet Casanovas oferir\u00e0, a partir d'ara, una imatge renovada i moderna, sempre des de la sobrietat que ens caracteritza.","og_url":"https:\/\/bufetcasanovas.com\/ca\/imatge-corporativa\/","og_site_name":"Bufet Casanovas","article_published_time":"2020-04-23T13:38:26+00:00","article_modified_time":"2020-04-23T13:39:05+00:00","og_image":[{"width":1100,"height":624,"url":"https:\/\/bufetcasanovas.com\/wp-content\/uploads\/2020\/04\/web.jpg","type":"image\/jpeg"}],"author":"admin","twitter_card":"summary_large_image","twitter_misc":{"Written by":"admin","Est. reading time":"2 minutes"},"schema":{"@context":"https:\/\/schema.org","@graph":[{"@type":"WebPage","@id":"https:\/\/bufetcasanovas.com\/ca\/imatge-corporativa\/","url":"https:\/\/bufetcasanovas.com\/ca\/imatge-corporativa\/","name":"Bufet Casanovas presenta la seva renovada imatge corporativa i la nova p\u00e0gina web del despatx - Bufet Casanovas","isPartOf":{"@id":"https:\/\/bufetcasanovas.com\/#website"},"primaryImageOfPage":{"@id":"https:\/\/bufetcasanovas.com\/ca\/imatge-corporativa\/#primaryimage"},"image":{"@id":"https:\/\/bufetcasanovas.com\/ca\/imatge-corporativa\/#primaryimage"},"thumbnailUrl":"https:\/\/bufetcasanovas.com\/wp-content\/uploads\/2020\/04\/web.jpg","datePublished":"2020-04-23T13:38:26+00:00","dateModified":"2020-04-23T13:39:05+00:00","author":{"@id":"https:\/\/bufetcasanovas.com\/#\/schema\/person\/0749c3c5aff1e2937cc923eca4ae2afe"},"breadcrumb":{"@id":"https:\/\/bufetcasanovas.com\/ca\/imatge-corporativa\/#breadcrumb"},"inLanguage":"ca-ES","potentialAction":[{"@type":"ReadAction","target":["https:\/\/bufetcasanovas.com\/ca\/imatge-corporativa\/"]}]},{"@type":"ImageObject","inLanguage":"ca-ES","@id":"https:\/\/bufetcasanovas.com\/ca\/imatge-corporativa\/#primaryimage","url":"https:\/\/bufetcasanovas.com\/wp-content\/uploads\/2020\/04\/web.jpg","contentUrl":"https:\/\/bufetcasanovas.com\/wp-content\/uploads\/2020\/04\/web.jpg","width":1100,"height":624},{"@type":"BreadcrumbList","@id":"https:\/\/bufetcasanovas.com\/ca\/imatge-corporativa\/#breadcrumb","itemListElement":[{"@type":"ListItem","position":1,"name":"Portada","item":"https:\/\/bufetcasanovas.com\/ca\/"},{"@type":"ListItem","position":2,"name":"Bufet Casanovas presenta la seva renovada imatge corporativa i la nova p\u00e0gina web del despatx"}]},{"@type":"WebSite","@id":"https:\/\/bufetcasanovas.com\/#website","url":"https:\/\/bufetcasanovas.com\/","name":"Bufet Casanovas","description":"Abogados","potentialAction":[{"@type":"SearchAction","target":{"@type":"EntryPoint","urlTemplate":"https:\/\/bufetcasanovas.com\/?s={search_term_string}"},"query-input":{"@type":"PropertyValueSpecification","valueRequired":true,"valueName":"search_term_string"}}],"inLanguage":"ca-ES"},{"@type":"Person","@id":"https:\/\/bufetcasanovas.com\/#\/schema\/person\/0749c3c5aff1e2937cc923eca4ae2afe","name":"admin","image":{"@type":"ImageObject","inLanguage":"ca-ES","@id":"https:\/\/bufetcasanovas.com\/#\/schema\/person\/image\/","url":"https:\/\/secure.gravatar.com\/avatar\/75ee96a99faf213996ac45b6368cc9a741ceba063a538bc6bc0110eae72feb8e?s=96&d=mm&r=g","contentUrl":"https:\/\/secure.gravatar.com\/avatar\/75ee96a99faf213996ac45b6368cc9a741ceba063a538bc6bc0110eae72feb8e?s=96&d=mm&r=g","caption":"admin"},"url":"https:\/\/bufetcasanovas.com\/ca\/author\/admin\/"}]}},"_links":{"self":[{"href":"https:\/\/bufetcasanovas.com\/ca\/wp-json\/wp\/v2\/posts\/17378","targetHints":{"allow":["GET"]}}],"collection":[{"href":"https:\/\/bufetcasanovas.com\/ca\/wp-json\/wp\/v2\/posts"}],"about":[{"href":"https:\/\/bufetcasanovas.com\/ca\/wp-json\/wp\/v2\/types\/post"}],"author":[{"embeddable":true,"href":"https:\/\/bufetcasanovas.com\/ca\/wp-json\/wp\/v2\/users\/1"}],"replies":[{"embeddable":true,"href":"https:\/\/bufetcasanovas.com\/ca\/wp-json\/wp\/v2\/comments?post=17378"}],"version-history":[{"count":4,"href":"https:\/\/bufetcasanovas.com\/ca\/wp-json\/wp\/v2\/posts\/17378\/revisions"}],"predecessor-version":[{"id":17385,"href":"https:\/\/bufetcasanovas.com\/ca\/wp-json\/wp\/v2\/posts\/17378\/revisions\/17385"}],"wp:featuredmedia":[{"embeddable":true,"href":"https:\/\/bufetcasanovas.com\/ca\/wp-json\/wp\/v2\/media\/17381"}],"wp:attachment":[{"href":"https:\/\/bufetcasanovas.com\/ca\/wp-json\/wp\/v2\/media?parent=17378"}],"wp:term":[{"taxonomy":"category","embeddable":true,"href":"https:\/\/bufetcasanovas.com\/ca\/wp-json\/wp\/v2\/categories?post=17378"},{"taxonomy":"post_tag","embeddable":true,"href":"https:\/\/bufetcasanovas.com\/ca\/wp-json\/wp\/v2\/tags?post=17378"}],"curies":[{"name":"wp","href":"https:\/\/api.w.org\/{rel}","templated":true}]}}